{"id":107,"date":"2010-02-01T18:00:10","date_gmt":"2010-02-01T20:00:10","guid":{"rendered":"\/portal\/?p=107"},"modified":"2020-06-08T02:54:25","modified_gmt":"2020-06-08T05:54:25","slug":"radio-rebelde-a-revolta-dos-adolescentes-no-ar","status":"publish","type":"post","link":"\/portal\/?p=107","title":{"rendered":"R\u00e1dio Rebelde &#8211; a revolta dos adolescentes no ar!"},"content":{"rendered":"<p>Radio Rebelde &#8211; Florian\u00f3polis &#8211; SC &#8211; a Radio Rebelde tem por intuito garantir a liberdade de express\u00e3o do jovem e do adolescente rebelde aqui na radio rebelde! e entrava no ar com algumas m\u00fasicas, informa\u00e7\u00f5es, e salves para a galera tamb\u00e9m hehe<\/p>\n","protected":false},"excerpt":{"rendered":"<p>Radio Rebelde &#8211; Florian\u00f3polis &#8211; SC &#8211; a Radio Rebelde tem por intuito garantir a liberdade de express\u00e3o do jovem e do adolescente rebelde aqui na radio rebelde! e entrava no ar com algumas m\u00fasicas, informa\u00e7\u00f5es, e salves para a &hellip; <a href=\"\/portal\/?p=107\">Continue lendo <span class=\"meta-nav\">&rarr;<\/span><\/a><\/p>\n","protected":false},"author":1,"featured_media":145,"comment_status":"closed","ping_status":"open","sticky":false,"template":"","format":"standard","meta":{"footnotes":""},"categories":[1],"tags":[],"_links":{"self":[{"href":"\/portal\/index.php?rest_route=\/wp\/v2\/posts\/107"}],"collection":[{"href":"\/portal\/index.php?rest_route=\/wp\/v2\/posts"}],"about":[{"href":"\/portal\/index.php?rest_route=\/wp\/v2\/types\/post"}],"author":[{"embeddable":true,"href":"\/portal\/index.php?rest_route=\/wp\/v2\/users\/1"}],"replies":[{"embeddable":true,"href":"\/portal\/index.php?rest_route=%2Fwp%2Fv2%2Fcomments&post=107"}],"version-history":[{"count":2,"href":"\/portal\/index.php?rest_route=\/wp\/v2\/posts\/107\/revisions"}],"predecessor-version":[{"id":152,"href":"\/portal\/index.php?rest_route=\/wp\/v2\/posts\/107\/revisions\/152"}],"wp:featuredmedia":[{"embeddable":true,"href":"\/portal\/index.php?rest_route=\/wp\/v2\/media\/145"}],"wp:attachment":[{"href":"\/portal\/index.php?rest_route=%2Fwp%2Fv2%2Fmedia&parent=107"}],"wp:term":[{"taxonomy":"category","embeddable":true,"href":"\/portal\/index.php?rest_route=%2Fwp%2Fv2%2Fcategories&post=107"},{"taxonomy":"post_tag","embeddable":true,"href":"\/portal\/index.php?rest_route=%2Fwp%2Fv2%2Ftags&post=107"}],"curies":[{"name":"wp","href":"https:\/\/api.w.org\/{rel}","templated":true}]}}